{"id":59609,"date":"2022-12-16T14:37:34","date_gmt":"2022-12-16T14:37:34","guid":{"rendered":"https:\/\/drlab.unitn.it\/?p=59609"},"modified":"2024-05-30T13:49:15","modified_gmt":"2024-05-30T13:49:15","slug":"cultural-and-creative-industries-days-design-values-creativity-impacts-nuove-geografie-e-visioni","status":"publish","type":"post","link":"https:\/\/drlab.unitn.it\/fr\/cultural-and-creative-industries-days-design-values-creativity-impacts-nuove-geografie-e-visioni\/","title":{"rendered":"Journ\u00e9es des industries culturelles et cr\u00e9atives. Valeurs du design et impacts de la cr\u00e9ativit\u00e9 : nouvelles g\u00e9ographies et visions"},"content":{"rendered":"<div id=\"fws_69ec620f72b49\"  data-column-margin=\"default\" data-midnight=\"dark\" data-top-percent=\"5%\"  class=\"wpb_row vc_row-fluid vc_row full-width-section vc_row-o-equal-height vc_row-flex vc_row-o-content-middle  top_padding_tablet_5pct\"  style=\"padding-top: calc(100vw * 0.05); padding-bottom: 0px; \"><div class=\"row-bg-wrap\" data-bg-animation=\"none\" data-bg-animation-delay=\"\" data-bg-overlay=\"false\"><div class=\"inner-wrap row-bg-layer\" ><div class=\"row-bg viewport-desktop\"  style=\"\"><\/div><\/div><\/div><div class=\"row_col_wrap_12 col span_12 dark left\">\n\t<div  class=\"vc_col-sm-12 wpb_column column_container vc_column_container col column_position_static el_spacing_0px\"  data-overlay-color=\"true\" data-padding-pos=\"all\" data-has-bg-color=\"false\" data-bg-color=\"\" data-bg-opacity=\"1\" data-animation=\"\" data-delay=\"0\" >\n\t\t<div class=\"vc_column-inner\" ><div class=\"column-bg-overlay-wrap column-bg-layer\" data-bg-animation=\"none\"><div class=\"column-bg-overlay\"><\/div><div class=\"column-overlay-layer\" style=\"\"><\/div><\/div>\n\t\t\t<div class=\"wpb_wrapper\">\n\t\t\t\t<div class=\"nectar-highlighted-text\" data-style=\"scribble\" data-exp=\"default\" data-id=\"circle-highlight2\" data-user-color=\"true\" style=\"color: #000000;\" data-using-custom-color=\"false\" data-animation-delay=\"false\" data-color=\"\" data-color-gradient=\"\"><h3><strong>Journ\u00e9es des industries culturelles et cr\u00e9atives : conception, processus, strat\u00e9gies. Vers un r\u00e9seau de communaut\u00e9s culturelles et cr\u00e9atives<\/strong> <span style=\"font-weight: 400\">est un \u00e9v\u00e9nement produit par le Centre de recherche sur les industries culturelles et cr\u00e9atives et l'Advanced Design Unit de l'universit\u00e9 de Bologne, en collaboration avec le Design Research Lab de l'universit\u00e9 de Trente.<\/span><\/h3>\n<p>&nbsp;<\/p>\n<h3><span style=\"font-weight: 400\">L'objectif de ces trois jours est de comparer les \u00e9cosyst\u00e8mes culturels, cr\u00e9atifs et productifs de diff\u00e9rentes zones g\u00e9ographiques dans le monde, \u00e0 travers les exp\u00e9riences et les visions de praticiens, de chercheurs, de d\u00e9cideurs politiques, de philosophes et de concepteurs.<\/span><\/h3>\n<p>&nbsp;<\/p>\n<h3><span style=\"font-weight: 400\">Les Journ\u00e9es CCI 2022 \u00e0 Trente sont l'occasion d'explorer la valeur des interactions et des \u00e9changes avec diff\u00e9rents \u00e9cosyst\u00e8mes mondiaux afin de multiplier les impacts et les effets de ces relations.<\/span><\/h3>\n<p>&nbsp;<\/p>\n<h3><span style=\"font-weight: 400\">L'\u00e9v\u00e9nement fait partie du cycle de s\u00e9minaires de conception sur les industries culturelles et cr\u00e9atives (ICC) dans le Trentin, organis\u00e9 par le DRLab du d\u00e9partement des sciences humaines et de la philosophie de l'Universit\u00e9 de Trente.<\/span><\/h3>\n<\/div><div class=\"divider-wrap\" data-alignment=\"default\"><div style=\"margin-top: 5vh; height: 7px; margin-bottom: 5vh;\" data-width=\"100%\" data-animate=\"\" data-animation-delay=\"\" data-color=\"black\" class=\"divider-border\"><\/div><\/div>\n\t<div class=\"wpb_video_widget wpb_content_element vc_clearfix   vc_video-aspect-ratio-169 vc_video-el-width-100 vc_video-align-left\" >\n\t\t<div class=\"wpb_wrapper\">\n\t\t\t\n\t\t\t<div class=\"wpb_video_wrapper\"><iframe loading=\"lazy\" title=\"Journ\u00e9es des industries culturelles et cr\u00e9atives : conception, processus, strat\u00e9gies.  16.12.2022\" width=\"500\" height=\"281\" src=\"https:\/\/www.youtube.com\/embed\/CNy_73ukMtA?feature=oembed\" frameborder=\"0\" allow=\"accelerometer; autoplay; clipboard-write; encrypted-media; gyroscope; picture-in-picture; web-share\" referrerpolicy=\"strict-origin-when-cross-origin\" allowfullscreen><\/iframe><\/div>\n\t\t<\/div>\n\t<\/div>\n<div class=\"divider-wrap\" data-alignment=\"default\"><div style=\"margin-top: 5vh; height: 7px; margin-bottom: 5vh;\" data-width=\"100%\" data-animate=\"\" data-animation-delay=\"\" data-color=\"black\" class=\"divider-border\"><\/div><\/div>\n<div class=\"wpb_text_column wpb_content_element\" >\n\t<div class=\"wpb_wrapper\">\n\t\t<h4><strong>Vendredi 16 d\u00e9cembre 2022 Salle 001, 14:00 - 18:00<\/strong><\/h4>\n<h4><i><span style=\"font-weight: 400;\">Transfert de connaissances en mati\u00e8re de conception : les universit\u00e9s allemandes dans la r\u00e9gion m\u00e9diterran\u00e9enne<\/span><\/i><\/h4>\n<h4><strong>Introduction et mod\u00e9ration : Michela Ventin - Cofondatrice DRLab, Istituto Italiano di Studi Germanici, Rome<\/strong><br \/>\n<em><span style=\"font-weight: 400;\">Comprendre et favoriser les visions de l'ICC : vers un changement syst\u00e9mique r\u00e9g\u00e9n\u00e9rateur<\/span><\/em><\/h4>\n<h4><strong>- Giorgio Casoni - Directeur g\u00e9n\u00e9ral de Neocogita<\/strong><br \/>\n<em><span style=\"font-weight: 400;\">Intelligence artificielle et cr\u00e9ativit\u00e9 : quelques r\u00e9flexions sur le r\u00f4le strat\u00e9gique des technologies de l'IA pour les ICC<\/span><\/em><\/h4>\n<h4><strong>- Andreas Sicklinger - Professeur de design, Advanced Design Unit, Unibo<\/strong><br \/>\n<em><span style=\"font-weight: 400;\">Transfert de connaissances en mati\u00e8re de conception : les universit\u00e9s allemandes dans la r\u00e9gion m\u00e9diterran\u00e9enne<\/span><\/em><\/h4>\n<h4><strong>- Flaviano Celaschi - Pr\u00e9sident Clust-ER Create, Professeur de design, Advanced Design Unit, Directeur scientifique CRICC, Unibo<\/strong><br \/>\n<em><span style=\"font-weight: 400;\">Visions syst\u00e9miques. La repr\u00e9sentation des entreprises culturelles et cr\u00e9atives comme construction du possible<\/span><\/em><\/h4>\n<h4><span style=\"font-weight: 400;\">Table ronde - 14h00 - 16h00\u00a0<\/span><\/h4>\n<h4><strong>Mod\u00e9rateur : Michela Ventin - Cofondatrice DRLab, Institut italien d'\u00e9tudes germaniques, Rome<\/strong><\/h4>\n<h4><strong>- Flaviano Celaschi, pr\u00e9sident de Clust-ER Create, professeur de design, Advanced Design Unit, directeur scientifique CRICC, Unibo<br \/>\n- Giorgio Casoni, PDG de Neocogita<br \/>\n- Silvia Porretta, doctorante en sciences politiques et sociales, Universit\u00e9 de Bologne<br \/>\n- Renato Troncon - Responsable scientifique DRLab, Institut italien d'\u00e9tudes germaniques, Rome<br \/>\n- Andreas Sicklinger, professeur de design, unit\u00e9 de design avanc\u00e9, Unibo<br \/>\n- Elena Vai, chercheuse principale, unit\u00e9 de conception avanc\u00e9e, CRICC, Unibo<br \/>\n- Paula Vison\u00e0, Universidade do Vale do Rio dos Sinos, cofondatrice du r\u00e9seau Somos.MAG, Br\u00e9sil<\/strong><\/h4>\n\t<\/div>\n<\/div>\n\n\n\n\n\t\t\t<\/div> \n\t\t<\/div>\n\t<\/div> \n<\/div><\/div>\n\t\t<div id=\"fws_69ec620f8d165\"  data-column-margin=\"default\" data-midnight=\"dark\"  class=\"wpb_row vc_row-fluid vc_row full-width-section vc_row-o-equal-height vc_row-flex vc_row-o-content-middle  top_margin_5pct bottom_margin_5pct bottom_padding_tablet_5pct\"  style=\"padding-top: 0px; padding-bottom: 0px; \"><div class=\"row-bg-wrap\" data-bg-animation=\"none\" data-bg-animation-delay=\"\" data-bg-overlay=\"false\"><div class=\"inner-wrap row-bg-layer\" ><div class=\"row-bg viewport-desktop\"  style=\"\"><\/div><\/div><\/div><div class=\"row_col_wrap_12 col span_12 dark left\">\n\t<div style=\" color: #ffffff;\" class=\"vc_col-sm-12 wpb_column column_container vc_column_container col padding-5-percent column_position_static force-desktop-text-align-center el_spacing_0px inherit_tablet inherit_phone\" data-cfc=\"true\" data-using-bg=\"true\" data-border-radius=\"20px\" data-overlay-color=\"true\" data-padding-pos=\"all\" data-has-bg-color=\"true\" data-bg-color=\"#000000\" data-bg-opacity=\"1\" data-hover-bg=\"#dc1941\" data-hover-bg-opacity=\"1\" data-animation=\"\" data-delay=\"0\" >\n\t\t<div class=\"vc_column-inner\" ><a class=\"column-link\" target=\"_self\" href=\"https:\/\/drlab.unitn.it\/fr\/eventi\/\"><\/a><div class=\"column-bg-overlay-wrap column-bg-layer\" data-bg-animation=\"none\"><div class=\"column-bg-overlay\" style=\"opacity: 1; background-color: #000000;\"><\/div><div class=\"column-overlay-layer\" style=\"\"><\/div><\/div>\n\t\t\t<div class=\"wpb_wrapper\">\n\t\t\t\t<div class=\"nectar_icon_wrap\" data-border-thickness=\"2px\" data-draw=\"true\" data-style=\"border-animation\" data-padding=\"10px\" data-color=\"white\" style=\"margin-bottom: 30px; \" >\n\t\t<div class=\"nectar_icon\" ><span class=\"svg-icon-holder\" data-size=\"80\" data-animation-speed=\"slow\" data-animation=\"true\" data-animation-delay=\"\" data-color=\"white\"><span><!-- Generator: Adobe Illustrator 16.0.0, SVG Export Plug-In . SVG Version: 6.00 Build 0)  -->\n<svg version=\"1.1\"  xmlns=\"http:\/\/www.w3.org\/2000\/svg\" xmlns:xlink=\"http:\/\/www.w3.org\/1999\/xlink\" x=\"0px\" y=\"0px\"\n\t width=\"64px\" height=\"64px\" viewbox=\"0 0 64 64\" enable-background=\"new 0 0 64 64\" xml:space=\"preserve\">\n<g>\n\t<line fill=\"none\" stroke=\"#000000\" stroke-width=\"2\" stroke-miterlimit=\"10\" x1=\"64\" y1=\"32\" x2=\"1\" y2=\"32\"\/>\n<\/g>\n<polyline fill=\"none\" stroke=\"#000000\" stroke-width=\"2\" stroke-linejoin=\"bevel\" stroke-miterlimit=\"10\" points=\"10,23 1,32 10,41 \t\"\/>\n<\/svg>\n<\/span><\/span><\/div>\n\t<\/div>\n<div class=\"wpb_text_column wpb_content_element\" >\n\t<div class=\"wpb_wrapper\">\n\t\t<h4 style=\"text-align: center;\"><strong>RETOUR AUX NOUVELLES<\/strong><\/h4>\n\t<\/div>\n<\/div>\n\n\n\n\n\t\t\t<\/div> \n\t\t<\/div>\n\t<\/div> \n<\/div><\/div>","protected":false},"excerpt":{"rendered":"Cultural and Creative Industries Days: design, processi strategie. Verso una rete di comunita\u0300 culturali e creative e\u0300 un evento prodotto dal Centro di Ricerca sulle Industrie Culturali e Creative e...","protected":false},"author":4,"featured_media":60385,"comment_status":"open","ping_status":"open","sticky":false,"template":"","format":"standard","meta":{"footnotes":""},"categories":[16,28],"tags":[24],"class_list":{"0":"post-59609","1":"post","2":"type-post","3":"status-publish","4":"format-standard","5":"has-post-thumbnail","7":"category-16","8":"category-homepage","9":"tag-icc"},"_links":{"self":[{"href":"https:\/\/drlab.unitn.it\/fr\/wp-json\/wp\/v2\/posts\/59609","targetHints":{"allow":["GET"]}}],"collection":[{"href":"https:\/\/drlab.unitn.it\/fr\/wp-json\/wp\/v2\/posts"}],"about":[{"href":"https:\/\/drlab.unitn.it\/fr\/wp-json\/wp\/v2\/types\/post"}],"author":[{"embeddable":true,"href":"https:\/\/drlab.unitn.it\/fr\/wp-json\/wp\/v2\/users\/4"}],"replies":[{"embeddable":true,"href":"https:\/\/drlab.unitn.it\/fr\/wp-json\/wp\/v2\/comments?post=59609"}],"version-history":[{"count":6,"href":"https:\/\/drlab.unitn.it\/fr\/wp-json\/wp\/v2\/posts\/59609\/revisions"}],"predecessor-version":[{"id":59862,"href":"https:\/\/drlab.unitn.it\/fr\/wp-json\/wp\/v2\/posts\/59609\/revisions\/59862"}],"wp:featuredmedia":[{"embeddable":true,"href":"https:\/\/drlab.unitn.it\/fr\/wp-json\/wp\/v2\/media\/60385"}],"wp:attachment":[{"href":"https:\/\/drlab.unitn.it\/fr\/wp-json\/wp\/v2\/media?parent=59609"}],"wp:term":[{"taxonomy":"category","embeddable":true,"href":"https:\/\/drlab.unitn.it\/fr\/wp-json\/wp\/v2\/categories?post=59609"},{"taxonomy":"post_tag","embeddable":true,"href":"https:\/\/drlab.unitn.it\/fr\/wp-json\/wp\/v2\/tags?post=59609"}],"curies":[{"name":"wp","href":"https:\/\/api.w.org\/{rel}","templated":true}]}}