{"id":59603,"date":"2022-12-15T14:28:12","date_gmt":"2022-12-15T14:28:12","guid":{"rendered":"https:\/\/drlab.unitn.it\/?p=59603"},"modified":"2024-05-30T09:47:51","modified_gmt":"2024-05-30T09:47:51","slug":"cultural-and-creative-industries-days-design-processi-strategie","status":"publish","type":"post","link":"https:\/\/drlab.unitn.it\/fr\/cultural-and-creative-industries-days-design-processi-strategie\/","title":{"rendered":"Journ\u00e9es des industries culturelles et cr\u00e9atives. Au-del\u00e0 des r\u00e9seaux et des \u00e9cosyst\u00e8mes : les interactions entre la culture et la cr\u00e9ativit\u00e9."},"content":{"rendered":"<div id=\"fws_69f0c1a2129bb\"  data-column-margin=\"default\" data-midnight=\"dark\" data-top-percent=\"5%\"  class=\"wpb_row vc_row-fluid vc_row full-width-section vc_row-o-equal-height vc_row-flex vc_row-o-content-middle  top_padding_tablet_5pct\"  style=\"padding-top: calc(100vw * 0.05); padding-bottom: 0px; \"><div class=\"row-bg-wrap\" data-bg-animation=\"none\" data-bg-animation-delay=\"\" data-bg-overlay=\"false\"><div class=\"inner-wrap row-bg-layer\" ><div class=\"row-bg viewport-desktop\"  style=\"\"><\/div><\/div><\/div><div class=\"row_col_wrap_12 col span_12 dark left\">\n\t<div  class=\"vc_col-sm-12 wpb_column column_container vc_column_container col column_position_static el_spacing_0px\"  data-overlay-color=\"true\" data-padding-pos=\"all\" data-has-bg-color=\"false\" data-bg-color=\"\" data-bg-opacity=\"1\" data-animation=\"\" data-delay=\"0\" >\n\t\t<div class=\"vc_column-inner\" ><div class=\"column-bg-overlay-wrap column-bg-layer\" data-bg-animation=\"none\"><div class=\"column-bg-overlay\"><\/div><div class=\"column-overlay-layer\" style=\"\"><\/div><\/div>\n\t\t\t<div class=\"wpb_wrapper\">\n\t\t\t\t<div class=\"nectar-highlighted-text\" data-style=\"scribble\" data-exp=\"default\" data-id=\"circle-highlight2\" data-user-color=\"true\" style=\"color: #000000;\" data-using-custom-color=\"false\" data-animation-delay=\"false\" data-color=\"\" data-color-gradient=\"\"><h3><strong>Journ\u00e9es des industries culturelles et cr\u00e9atives : conception, processus, strat\u00e9gies. Vers un r\u00e9seau de communaut\u00e9s culturelles et cr\u00e9atives<\/strong> <span style=\"font-weight: 400\">est un \u00e9v\u00e9nement produit par le Centre de recherche sur les industries culturelles et cr\u00e9atives et l'Advanced Design Unit de l'universit\u00e9 de Bologne, en collaboration avec le Design Research Lab de l'universit\u00e9 de Trente.<\/span><\/h3>\n<p>&nbsp;<\/p>\n<h3><span style=\"font-weight: 400\">L'objectif de ces trois jours est de comparer les \u00e9cosyst\u00e8mes culturels, cr\u00e9atifs et productifs de diff\u00e9rentes zones g\u00e9ographiques dans le monde, \u00e0 travers les exp\u00e9riences et les visions de praticiens, de chercheurs, de d\u00e9cideurs politiques, de philosophes et de concepteurs.<\/span><\/h3>\n<p>&nbsp;<\/p>\n<h3><span style=\"font-weight: 400\">Les Journ\u00e9es CCI 2022 \u00e0 Trente sont l'occasion d'explorer la valeur des interactions et des \u00e9changes avec diff\u00e9rents \u00e9cosyst\u00e8mes mondiaux afin de multiplier les impacts et les effets de ces relations.<\/span><\/h3>\n<p>&nbsp;<\/p>\n<h3><span style=\"font-weight: 400\">L'\u00e9v\u00e9nement fait partie du cycle de s\u00e9minaires de conception sur les industries culturelles et cr\u00e9atives (ICC) dans le Trentin, organis\u00e9 par le DRLab du d\u00e9partement des sciences humaines et de la philosophie de l'Universit\u00e9 de Trente.<\/span><\/h3>\n<\/div><div class=\"divider-wrap\" data-alignment=\"default\"><div style=\"margin-top: 5vh; height: 7px; margin-bottom: 5vh;\" data-width=\"100%\" data-animate=\"\" data-animation-delay=\"\" data-color=\"black\" class=\"divider-border\"><\/div><\/div>\n\t<div class=\"wpb_video_widget wpb_content_element vc_clearfix   vc_video-aspect-ratio-169 vc_video-el-width-100 vc_video-align-left\" >\n\t\t<div class=\"wpb_wrapper\">\n\t\t\t\n\t\t\t<div class=\"wpb_video_wrapper\"><iframe loading=\"lazy\" title=\"Journ\u00e9es des industries culturelles et cr\u00e9atives : conception, processus, strat\u00e9gies. 15.12.2022\" width=\"500\" height=\"281\" src=\"https:\/\/www.youtube.com\/embed\/6kIehXv1L8w?feature=oembed\" frameborder=\"0\" allow=\"accelerometer; autoplay; clipboard-write; encrypted-media; gyroscope; picture-in-picture; web-share\" referrerpolicy=\"strict-origin-when-cross-origin\" allowfullscreen><\/iframe><\/div>\n\t\t<\/div>\n\t<\/div>\n<div class=\"divider-wrap\" data-alignment=\"default\"><div style=\"margin-top: 5vh; height: 7px; margin-bottom: 5vh;\" data-width=\"100%\" data-animate=\"\" data-animation-delay=\"\" data-color=\"black\" class=\"divider-border\"><\/div><\/div>\n<div class=\"wpb_text_column wpb_content_element\" >\n\t<div class=\"wpb_wrapper\">\n\t\t<h4><strong>Jeudi 15 d\u00e9cembre 2022 Salle 001, 14:00 - 18:00<\/strong><\/h4>\n<h4><em><strong>Au-del\u00e0 des r\u00e9seaux et des \u00e9cosyst\u00e8mes : les interactions entre la culture et la cr\u00e9ativit\u00e9<\/strong><\/em><\/h4>\n<h4><strong>Introduction et mod\u00e9ration : Michela Ventin - Cofondatrice DRLab, Istituto Italiano di Studi Germanici, Rome<\/strong><span style=\"font-weight: 400;\"><br \/>\n<\/span><i><span style=\"font-weight: 400;\">CCI, biens communs cr\u00e9atifs et collaboratifs : mod\u00e8les d'interaction r\u00e9siliente<\/span><\/i><\/h4>\n<h4><span style=\"font-weight: 400;\"><strong>- Elena Vai - Chercheuse principale, Unit\u00e9 de conception avanc\u00e9e, CRICC, Unibo<\/strong><br \/>\n<\/span><i><span style=\"font-weight: 400;\">Conception temporaire et commune : mod\u00e8les d'interaction continue pour\/avec les entreprises culturelles et cr\u00e9atives<\/span><\/i><\/h4>\n<h4><span style=\"font-weight: 400;\"><strong>- Andrea Cattabriga - Unit\u00e9 de conception avanc\u00e9e, Unibo<\/strong><br \/>\n<\/span><i><span style=\"font-weight: 400;\">Design, technologies num\u00e9riques et industries cr\u00e9atives. Vers de nouveaux principes<\/span><\/i><\/h4>\n<h4><span style=\"font-weight: 400;\"><strong>- Paula Vison\u00e0 - Universidade do Vale do Rio dos Sinos, cofondatrice du r\u00e9seau Somos.MAG, Br\u00e9sil<\/strong><br \/>\n<\/span><i><span style=\"font-weight: 400;\">Cartographie des ICC en Am\u00e9rique latine : cas et m\u00e9thodologies au Br\u00e9sil et en Argentine<\/span><\/i><\/h4>\n<h4><span style=\"font-weight: 400;\">Discussion<\/span><\/h4>\n\t<\/div>\n<\/div>\n\n\n\n\n\t\t\t<\/div> \n\t\t<\/div>\n\t<\/div> \n<\/div><\/div>\n\t\t<div id=\"fws_69f0c1a220497\"  data-column-margin=\"default\" data-midnight=\"dark\"  class=\"wpb_row vc_row-fluid vc_row full-width-section vc_row-o-equal-height vc_row-flex vc_row-o-content-middle  top_margin_5pct bottom_margin_5pct bottom_padding_tablet_5pct\"  style=\"padding-top: 0px; padding-bottom: 0px; \"><div class=\"row-bg-wrap\" data-bg-animation=\"none\" data-bg-animation-delay=\"\" data-bg-overlay=\"false\"><div class=\"inner-wrap row-bg-layer\" ><div class=\"row-bg viewport-desktop\"  style=\"\"><\/div><\/div><\/div><div class=\"row_col_wrap_12 col span_12 dark left\">\n\t<div style=\" color: #ffffff;\" class=\"vc_col-sm-12 wpb_column column_container vc_column_container col padding-5-percent column_position_static force-desktop-text-align-center el_spacing_0px inherit_tablet inherit_phone\" data-cfc=\"true\" data-using-bg=\"true\" data-border-radius=\"20px\" data-overlay-color=\"true\" data-padding-pos=\"all\" data-has-bg-color=\"true\" data-bg-color=\"#000000\" data-bg-opacity=\"1\" data-hover-bg=\"#dc1941\" data-hover-bg-opacity=\"1\" data-animation=\"\" data-delay=\"0\" >\n\t\t<div class=\"vc_column-inner\" ><a class=\"column-link\" target=\"_self\" href=\"https:\/\/drlab.unitn.it\/fr\/eventi\/\"><\/a><div class=\"column-bg-overlay-wrap column-bg-layer\" data-bg-animation=\"none\"><div class=\"column-bg-overlay\" style=\"opacity: 1; background-color: #000000;\"><\/div><div class=\"column-overlay-layer\" style=\"\"><\/div><\/div>\n\t\t\t<div class=\"wpb_wrapper\">\n\t\t\t\t<div class=\"nectar_icon_wrap\" data-border-thickness=\"2px\" data-draw=\"true\" data-style=\"border-animation\" data-padding=\"10px\" data-color=\"white\" style=\"margin-bottom: 30px; \" >\n\t\t<div class=\"nectar_icon\" ><span class=\"svg-icon-holder\" data-size=\"80\" data-animation-speed=\"slow\" data-animation=\"true\" data-animation-delay=\"\" data-color=\"white\"><span><!-- Generator: Adobe Illustrator 16.0.0, SVG Export Plug-In . SVG Version: 6.00 Build 0)  -->\n<svg version=\"1.1\"  xmlns=\"http:\/\/www.w3.org\/2000\/svg\" xmlns:xlink=\"http:\/\/www.w3.org\/1999\/xlink\" x=\"0px\" y=\"0px\"\n\t width=\"64px\" height=\"64px\" viewbox=\"0 0 64 64\" enable-background=\"new 0 0 64 64\" xml:space=\"preserve\">\n<g>\n\t<line fill=\"none\" stroke=\"#000000\" stroke-width=\"2\" stroke-miterlimit=\"10\" x1=\"64\" y1=\"32\" x2=\"1\" y2=\"32\"\/>\n<\/g>\n<polyline fill=\"none\" stroke=\"#000000\" stroke-width=\"2\" stroke-linejoin=\"bevel\" stroke-miterlimit=\"10\" points=\"10,23 1,32 10,41 \t\"\/>\n<\/svg>\n<\/span><\/span><\/div>\n\t<\/div>\n<div class=\"wpb_text_column wpb_content_element\" >\n\t<div class=\"wpb_wrapper\">\n\t\t<h4 style=\"text-align: center;\"><strong>RETOUR AUX NOUVELLES<\/strong><\/h4>\n\t<\/div>\n<\/div>\n\n\n\n\n\t\t\t<\/div> \n\t\t<\/div>\n\t<\/div> \n<\/div><\/div>","protected":false},"excerpt":{"rendered":"Cultural and Creative Industries Days: design, processi strategie. Verso una rete di comunita\u0300 culturali e creative e\u0300 un evento prodotto dal Centro di Ricerca sulle Industrie Culturali e Creative e...","protected":false},"author":4,"featured_media":60385,"comment_status":"open","ping_status":"open","sticky":false,"template":"","format":"standard","meta":{"footnotes":""},"categories":[16],"tags":[24],"class_list":{"0":"post-59603","1":"post","2":"type-post","3":"status-publish","4":"format-standard","5":"has-post-thumbnail","7":"category-16","8":"tag-icc"},"_links":{"self":[{"href":"https:\/\/drlab.unitn.it\/fr\/wp-json\/wp\/v2\/posts\/59603","targetHints":{"allow":["GET"]}}],"collection":[{"href":"https:\/\/drlab.unitn.it\/fr\/wp-json\/wp\/v2\/posts"}],"about":[{"href":"https:\/\/drlab.unitn.it\/fr\/wp-json\/wp\/v2\/types\/post"}],"author":[{"embeddable":true,"href":"https:\/\/drlab.unitn.it\/fr\/wp-json\/wp\/v2\/users\/4"}],"replies":[{"embeddable":true,"href":"https:\/\/drlab.unitn.it\/fr\/wp-json\/wp\/v2\/comments?post=59603"}],"version-history":[{"count":6,"href":"https:\/\/drlab.unitn.it\/fr\/wp-json\/wp\/v2\/posts\/59603\/revisions"}],"predecessor-version":[{"id":60386,"href":"https:\/\/drlab.unitn.it\/fr\/wp-json\/wp\/v2\/posts\/59603\/revisions\/60386"}],"wp:featuredmedia":[{"embeddable":true,"href":"https:\/\/drlab.unitn.it\/fr\/wp-json\/wp\/v2\/media\/60385"}],"wp:attachment":[{"href":"https:\/\/drlab.unitn.it\/fr\/wp-json\/wp\/v2\/media?parent=59603"}],"wp:term":[{"taxonomy":"category","embeddable":true,"href":"https:\/\/drlab.unitn.it\/fr\/wp-json\/wp\/v2\/categories?post=59603"},{"taxonomy":"post_tag","embeddable":true,"href":"https:\/\/drlab.unitn.it\/fr\/wp-json\/wp\/v2\/tags?post=59603"}],"curies":[{"name":"wp","href":"https:\/\/api.w.org\/{rel}","templated":true}]}}