{"id":59258,"date":"2022-03-10T10:37:25","date_gmt":"2022-03-10T10:37:25","guid":{"rendered":"https:\/\/drlab.unitn.it\/?p=59258"},"modified":"2024-05-16T13:20:54","modified_gmt":"2024-05-16T13:20:54","slug":"seminario-uno-2","status":"publish","type":"post","link":"https:\/\/drlab.unitn.it\/fr\/seminario-uno-2\/","title":{"rendered":"L'ARCHITECTURE COMME TRAVAIL - a25architects"},"content":{"rendered":"<div id=\"fws_69f2240277186\"  data-column-margin=\"default\" data-midnight=\"dark\" data-top-percent=\"5%\"  class=\"wpb_row vc_row-fluid vc_row full-width-section vc_row-o-equal-height vc_row-flex vc_row-o-content-middle  top_padding_tablet_5pct\"  style=\"padding-top: calc(100vw * 0.05); padding-bottom: 0px; \"><div class=\"row-bg-wrap\" data-bg-animation=\"none\" data-bg-animation-delay=\"\" data-bg-overlay=\"false\"><div class=\"inner-wrap row-bg-layer\" ><div class=\"row-bg viewport-desktop\"  style=\"\"><\/div><\/div><\/div><div class=\"row_col_wrap_12 col span_12 dark left\">\n\t<div  class=\"vc_col-sm-12 wpb_column column_container vc_column_container col column_position_static el_spacing_0px\"  data-overlay-color=\"true\" data-padding-pos=\"all\" data-has-bg-color=\"false\" data-bg-color=\"\" data-bg-opacity=\"1\" data-animation=\"\" data-delay=\"0\" >\n\t\t<div class=\"vc_column-inner\" ><div class=\"column-bg-overlay-wrap column-bg-layer\" data-bg-animation=\"none\"><div class=\"column-bg-overlay\"><\/div><div class=\"column-overlay-layer\" style=\"\"><\/div><\/div>\n\t\t\t<div class=\"wpb_wrapper\">\n\t\t\t\t<div class=\"nectar-highlighted-text\" data-style=\"full_text\" data-exp=\"default\" data-using-custom-color=\"false\" data-animation-delay=\"false\" data-color=\"\" data-color-gradient=\"\" style=\"\"><h3>Une s\u00e9rie de rencontres consacr\u00e9es \u00e0 la figure de l'architecte, au quotidien concret de sa profession, pour parler d'approches, de th\u00e8mes, de d\u00e9fis et d'opportunit\u00e9s. Une fois par mois, un studio op\u00e9rant en province sera notre invit\u00e9 pour partager son travail, de la r\u00e9flexion au chantier. Quelle contribution pouvons-nous apporter au territoire et \u00e0 la soci\u00e9t\u00e9, \u00e0 l'environnement et \u00e0 l'\u00e9conomie, aujourd'hui ?<\/h3>\n<p>&nbsp;<\/p>\n<h3><span style=\"font-weight: 400\">Le cycle est propos\u00e9 dans le cadre de la collaboration entre l'Ordre des Architectes, l'Universit\u00e9 de Trente (DRLab) et le Centre de Services Culturels S. Chiara sur le Projet des Entreprises Culturelles et Cr\u00e9atives - macro-espace Architecture et Design.<\/span><\/h3>\n<\/div><div class=\"divider-wrap\" data-alignment=\"default\"><div style=\"margin-top: 5vh; height: 7px; margin-bottom: 5vh;\" data-width=\"100%\" data-animate=\"\" data-animation-delay=\"\" data-color=\"black\" class=\"divider-border\"><\/div><\/div>\n\t<div class=\"wpb_video_widget wpb_content_element vc_clearfix   vc_video-aspect-ratio-169 vc_video-el-width-100 vc_video-align-left\" >\n\t\t<div class=\"wpb_wrapper\">\n\t\t\t\n\t\t\t<div class=\"wpb_video_wrapper\"><iframe loading=\"lazy\" title=\"L&#039;architecture en tant qu&#039;artisanat. Quotidiennet\u00e9 et qualit\u00e9 des projets 10\/03\/2022\" width=\"500\" height=\"281\" src=\"https:\/\/www.youtube.com\/embed\/D5RII-RJH0s?list=PL9vK57kcmwQMAo0zuxflBZbwyqOoNLPk_\" frameborder=\"0\" allow=\"accelerometer; autoplay; clipboard-write; encrypted-media; gyroscope; picture-in-picture; web-share\" referrerpolicy=\"strict-origin-when-cross-origin\" allowfullscreen><\/iframe><\/div>\n\t\t<\/div>\n\t<\/div>\n<div class=\"divider-wrap\" data-alignment=\"default\"><div style=\"margin-top: 5vh; height: 7px; margin-bottom: 5vh;\" data-width=\"100%\" data-animate=\"\" data-animation-delay=\"\" data-color=\"black\" class=\"divider-border\"><\/div><\/div>\n<div class=\"wpb_text_column wpb_content_element\" >\n\t<div class=\"wpb_wrapper\">\n\t\t<h3><b>a25architectes<\/b><\/h3>\n<h3><span style=\"font-weight: 400;\">Fond\u00e9e en 2018 par les fr\u00e8res Francesco (1987) et Paolo (1982) Manzoni, <\/span><b>a25architectes <\/b><span style=\"font-weight: 400;\">est un studio d'architecture bas\u00e9 \u00e0 Sirtori, une petite ville situ\u00e9e au pied de la colline de Montevecchia, dans la haute Brianza. Ses int\u00e9r\u00eats vont de l'architecture \u00e0 l'urbanisme, de l'int\u00e9rieur au design, gr\u00e2ce aux diff\u00e9rentes comp\u00e9tences acquises au fil des ans dans ces domaines, avec la possibilit\u00e9 de g\u00e9rer le projet dans son int\u00e9gralit\u00e9.<\/span><\/h3>\n<h3><span style=\"font-weight: 400;\">Situ\u00e9 dans un studio, <\/span><b>a25architectes <\/b><span style=\"font-weight: 400;\">veut ainsi rendre possible la recherche d'une relation intense entre la vie professionnelle et la vie domestique, afin de pouvoir trouver la \"concentration\" et apporter des r\u00e9ponses aux questions existentielles et profondes de la vie, aujourd'hui cach\u00e9es, mais avec la possibilit\u00e9 de se concentrer sur la vie quotidienne.<\/span><span style=\"font-weight: 400;\"><br \/>\n<\/span><span style=\"font-weight: 400;\">\u00e0 retrouver dans le monde interconnect\u00e9 dans lequel nous vivons. C'est donc \u00e0 ce moment pr\u00e9cis de l'histoire qu'en partant de la recherche des atmosph\u00e8res d'un lieu ou d'un espace, avec son histoire et les mat\u00e9riaux qui le composent, nous pouvons revenir \u00e0 la conception du d\u00e9sir de vivre de l'homme, valorisant ainsi l'identit\u00e9 et la culture de notre territoire.<\/span><\/h3>\n<h3><span style=\"font-weight: 400;\">En 2019 et 2021 <\/span><b>a25architectes <\/b><span style=\"font-weight: 400;\">a \u00e9t\u00e9 s\u00e9lectionn\u00e9 avec cinq autres cabinets italiens pour l'International architectural Piranesi Award 2019. En 2020, il a remport\u00e9 les BigSEE Architecture Awards 2020 dans la cat\u00e9gorie Architecture publique et commerciale.<\/span><span style=\"font-weight: 400;\"><br \/>\n<\/span><span style=\"font-weight: 400;\">En novembre 2021, le Conseil national des architectes PPC a d\u00e9cern\u00e9 le prix \"Jeunes talents de l'architecture italienne 2021\".<\/span><\/h3>\n\t<\/div>\n<\/div>\n\n\n\n\n\t\t\t<\/div> \n\t\t<\/div>\n\t<\/div> \n<\/div><\/div>\n\t\t<div id=\"fws_69f224027d1bd\"  data-column-margin=\"default\" data-midnight=\"dark\"  class=\"wpb_row vc_row-fluid vc_row full-width-section vc_row-o-equal-height vc_row-flex vc_row-o-content-middle  top_margin_5pct bottom_margin_5pct bottom_padding_tablet_5pct\"  style=\"padding-top: 0px; padding-bottom: 0px; \"><div class=\"row-bg-wrap\" data-bg-animation=\"none\" data-bg-animation-delay=\"\" data-bg-overlay=\"false\"><div class=\"inner-wrap row-bg-layer\" ><div class=\"row-bg viewport-desktop\"  style=\"\"><\/div><\/div><\/div><div class=\"row_col_wrap_12 col span_12 dark left\">\n\t<div style=\" color: #ffffff;\" class=\"vc_col-sm-12 wpb_column column_container vc_column_container col padding-5-percent column_position_static force-desktop-text-align-center el_spacing_0px inherit_tablet inherit_phone\" data-cfc=\"true\" data-using-bg=\"true\" data-border-radius=\"20px\" data-overlay-color=\"true\" data-padding-pos=\"all\" data-has-bg-color=\"true\" data-bg-color=\"#000000\" data-bg-opacity=\"1\" data-hover-bg=\"#dc1941\" data-hover-bg-opacity=\"1\" data-animation=\"\" data-delay=\"0\" >\n\t\t<div class=\"vc_column-inner\" ><a class=\"column-link\" target=\"_self\" href=\"https:\/\/drlab.unitn.it\/fr\/eventi\/\"><\/a><div class=\"column-bg-overlay-wrap column-bg-layer\" data-bg-animation=\"none\"><div class=\"column-bg-overlay\" style=\"opacity: 1; background-color: #000000;\"><\/div><div class=\"column-overlay-layer\" style=\"\"><\/div><\/div>\n\t\t\t<div class=\"wpb_wrapper\">\n\t\t\t\t<div class=\"nectar_icon_wrap\" data-border-thickness=\"2px\" data-draw=\"true\" data-style=\"border-animation\" data-padding=\"10px\" data-color=\"white\" style=\"margin-bottom: 30px; \" >\n\t\t<div class=\"nectar_icon\" ><span class=\"svg-icon-holder\" data-size=\"80\" data-animation-speed=\"slow\" data-animation=\"true\" data-animation-delay=\"\" data-color=\"white\"><span><!-- Generator: Adobe Illustrator 16.0.0, SVG Export Plug-In . SVG Version: 6.00 Build 0)  -->\n<svg version=\"1.1\"  xmlns=\"http:\/\/www.w3.org\/2000\/svg\" xmlns:xlink=\"http:\/\/www.w3.org\/1999\/xlink\" x=\"0px\" y=\"0px\"\n\t width=\"64px\" height=\"64px\" viewbox=\"0 0 64 64\" enable-background=\"new 0 0 64 64\" xml:space=\"preserve\">\n<g>\n\t<line fill=\"none\" stroke=\"#000000\" stroke-width=\"2\" stroke-miterlimit=\"10\" x1=\"64\" y1=\"32\" x2=\"1\" y2=\"32\"\/>\n<\/g>\n<polyline fill=\"none\" stroke=\"#000000\" stroke-width=\"2\" stroke-linejoin=\"bevel\" stroke-miterlimit=\"10\" points=\"10,23 1,32 10,41 \t\"\/>\n<\/svg>\n<\/span><\/span><\/div>\n\t<\/div>\n<div class=\"wpb_text_column wpb_content_element\" >\n\t<div class=\"wpb_wrapper\">\n\t\t<h4 style=\"text-align: center;\"><strong>RETOUR AUX NOUVELLES<\/strong><\/h4>\n\t<\/div>\n<\/div>\n\n\n\n\n\t\t\t<\/div> \n\t\t<\/div>\n\t<\/div> \n<\/div><\/div>","protected":false},"excerpt":{"rendered":"Un ciclo di incontri dedicato alla figura dell\u2019architetto, al concreto della quotidianita\u0300 della sua professione, per raccontarne approcci, temi, sfide e opportunita\u0300. Una volta al mese, uno studio che opera...","protected":false},"author":4,"featured_media":59351,"comment_status":"open","ping_status":"open","sticky":false,"template":"","format":"standard","meta":{"footnotes":""},"categories":[16],"tags":[24],"class_list":{"0":"post-59258","1":"post","2":"type-post","3":"status-publish","4":"format-standard","5":"has-post-thumbnail","7":"category-16","8":"tag-icc"},"_links":{"self":[{"href":"https:\/\/drlab.unitn.it\/fr\/wp-json\/wp\/v2\/posts\/59258","targetHints":{"allow":["GET"]}}],"collection":[{"href":"https:\/\/drlab.unitn.it\/fr\/wp-json\/wp\/v2\/posts"}],"about":[{"href":"https:\/\/drlab.unitn.it\/fr\/wp-json\/wp\/v2\/types\/post"}],"author":[{"embeddable":true,"href":"https:\/\/drlab.unitn.it\/fr\/wp-json\/wp\/v2\/users\/4"}],"replies":[{"embeddable":true,"href":"https:\/\/drlab.unitn.it\/fr\/wp-json\/wp\/v2\/comments?post=59258"}],"version-history":[{"count":11,"href":"https:\/\/drlab.unitn.it\/fr\/wp-json\/wp\/v2\/posts\/59258\/revisions"}],"predecessor-version":[{"id":59403,"href":"https:\/\/drlab.unitn.it\/fr\/wp-json\/wp\/v2\/posts\/59258\/revisions\/59403"}],"wp:featuredmedia":[{"embeddable":true,"href":"https:\/\/drlab.unitn.it\/fr\/wp-json\/wp\/v2\/media\/59351"}],"wp:attachment":[{"href":"https:\/\/drlab.unitn.it\/fr\/wp-json\/wp\/v2\/media?parent=59258"}],"wp:term":[{"taxonomy":"category","embeddable":true,"href":"https:\/\/drlab.unitn.it\/fr\/wp-json\/wp\/v2\/categories?post=59258"},{"taxonomy":"post_tag","embeddable":true,"href":"https:\/\/drlab.unitn.it\/fr\/wp-json\/wp\/v2\/tags?post=59258"}],"curies":[{"name":"wp","href":"https:\/\/api.w.org\/{rel}","templated":true}]}}