{"id":60388,"date":"2024-06-13T00:00:55","date_gmt":"2024-06-13T00:00:55","guid":{"rendered":"https:\/\/drlab.unitn.it\/?p=60388"},"modified":"2024-10-23T13:01:04","modified_gmt":"2024-10-23T13:01:04","slug":"architerror-a-trento","status":"publish","type":"post","link":"https:\/\/drlab.unitn.it\/es\/architerror-a-trento\/","title":{"rendered":"ARCHITERROR en Trento"},"content":{"rendered":"<div id=\"fws_69ef9d8f68590\"  data-column-margin=\"default\" data-midnight=\"dark\" data-top-percent=\"5%\"  class=\"wpb_row vc_row-fluid vc_row full-width-section vc_row-o-equal-height vc_row-flex vc_row-o-content-middle  top_padding_tablet_5pct\"  style=\"padding-top: calc(100vw * 0.05); padding-bottom: 0px; \"><div class=\"row-bg-wrap\" data-bg-animation=\"none\" data-bg-animation-delay=\"\" data-bg-overlay=\"false\"><div class=\"inner-wrap row-bg-layer\" ><div class=\"row-bg viewport-desktop\"  style=\"\"><\/div><\/div><\/div><div class=\"row_col_wrap_12 col span_12 dark left\">\n\t<div  class=\"vc_col-sm-12 wpb_column column_container vc_column_container col column_position_static el_spacing_0px\"  data-overlay-color=\"true\" data-padding-pos=\"all\" data-has-bg-color=\"false\" data-bg-color=\"\" data-bg-opacity=\"1\" data-animation=\"\" data-delay=\"0\" >\n\t\t<div class=\"vc_column-inner\" ><div class=\"column-bg-overlay-wrap column-bg-layer\" data-bg-animation=\"none\"><div class=\"column-bg-overlay\"><\/div><div class=\"column-overlay-layer\" style=\"\"><\/div><\/div>\n\t\t\t<div class=\"wpb_wrapper\">\n\t\t\t\t<div class=\"nectar-highlighted-text\" data-style=\"scribble\" data-exp=\"default\" data-id=\"circle-highlight2\" data-user-color=\"true\" style=\"color: #000000;\" data-using-custom-color=\"false\" data-animation-delay=\"false\" data-color=\"\" data-color-gradient=\"\"><h3><span style=\"font-weight: 400\">\u00bfHarto de la belleza que te rodea? \u00bfLe gusta lo extra\u00f1o? \u00bfBusca corrientes arquitect\u00f3nicas alternativas?<br \/>\nArchiterror es su lugar. Con esta declaraci\u00f3n program\u00e1tica, Architerror -el lado oscuro de la arquitectura- aterriza en el tranquilo Trentino-Alto Adigio, sembrando el p\u00e1nico entre las corrientes est\u00e9ticas de pensamiento y los estilos arquitect\u00f3nicos, m\u00e1s o menos modernos.<br \/>\nPero, \u00bfqu\u00e9 es, o mejor dicho, qui\u00e9n es Architerror? \u00bfC\u00f3mo de fina es la l\u00ednea entre armon\u00eda y kitsch, entre conformismo y singularidad y, en definitiva, qu\u00e9 es la belleza, en arquitectura y en un sentido m\u00e1s amplio?<br \/>\nEsta primera \"conferencia\" de Tridentine Architerror pretende provocar una conversaci\u00f3n sobre el entorno construido, entre belleza, significado, roles y expectativas.<br \/>\nArchiterror, que empez\u00f3 como un juego entre amigos, se ha convertido r\u00e1pidamente en un punto de referencia para el estudio de la cara B de la arquitectura, donde B significa feo, pero tambi\u00e9n bizarro. Y no es casualidad que el subt\u00edtulo sea \"El lado oscuro de la arquitectura\", porque Architerror se ocupa de la arquitectura menos expuesta, la que no se encuentra en las revistas de papel satinado, pero que existe y est\u00e1 mucho m\u00e1s extendida de lo que se imagina.<br \/>\n<\/span><\/h3>\n<h3>Programa<\/h3>\n<ul>\n<li>\n<h3><span class=\"OYPEnA text-decoration-none text-strikethrough-none\"><span style=\"font-weight: 400\">17:00-17:30 <span class=\"OYPEnA text-decoration-none text-strikethrough-none\">Inscripci\u00f3n<br \/>\n<\/span><\/span><\/span><\/h3>\n<\/li>\n<li>\n<h3><span class=\"OYPEnA text-decoration-none text-strikethrough-none\"><span style=\"font-weight: 400\">17:30 <span class=\"OYPEnA text-decoration-none text-strikethrough-none\">Introducci\u00f3n y moderaci\u00f3n a cargo de Renato Troncon<br \/>\n<\/span><\/span><\/span><\/h3>\n<\/li>\n<li>\n<h3><span class=\"OYPEnA text-decoration-none text-strikethrough-none\"><span style=\"font-weight: 400\">17:35<span class=\"OYPEnA text-decoration-none text-strikethrough-none\"> \"Architerror. El lado oscuro de la arquitectura\" por<\/span><span class=\"OYPEnA text-decoration-none text-strikethrough-none white-space-prewrap\">\u00a0<\/span><span class=\"OYPEnA text-decoration-none text-strikethrough-none\">Max Adiansi<\/span><\/span><\/span><\/h3>\n<\/li>\n<li>\n<h3><span class=\"OYPEnA text-decoration-none text-strikethrough-none\"><span style=\"font-weight: 400\">18:20 <span class=\"OYPEnA text-decoration-none text-strikethrough-none\">\"Belleza, est\u00e9tica y entorno\" conversaci\u00f3n entre Renato Troncon Max Adiansi y Carlo Battisti<\/span><\/span><\/span><\/h3>\n<\/li>\n<li>\n<h3><span class=\"OYPEnA text-decoration-none text-strikethrough-none\"><span style=\"font-weight: 400\">18:45<span class=\"OYPEnA text-decoration-none text-strikethrough-none\"> Preguntas y respuestas<\/span><\/span><\/span><\/h3>\n<\/li>\n<li>\n<h3><span class=\"OYPEnA text-decoration-none text-strikethrough-none\"><span style=\"font-weight: 400\">18:55<span class=\"OYPEnA text-decoration-none text-strikethrough-none\"> Consideraciones finales y clausura<\/span><\/span><\/span><\/h3>\n<\/li>\n<\/ul>\n<h3>Altavoces<\/h3>\n<ul>\n<li>\n<h3><span class=\"OYPEnA text-decoration-none text-strikethrough-none\"><span style=\"font-weight: 400\">Max Adiansi,<span class=\"OYPEnA text-decoration-none text-strikethrough-none\"> arquitecto, creador de Architerror<\/span><\/span><\/span><\/h3>\n<\/li>\n<li>\n<h3><span class=\"OYPEnA text-decoration-none text-strikethrough-none\"><span style=\"font-weight: 400\">Carlo Battisti<span class=\"OYPEnA text-decoration-none text-strikethrough-none\">Presidente de Living Future Europe<\/span><\/span><\/span><\/h3>\n<\/li>\n<li>\n<h3><span class=\"OYPEnA text-decoration-none text-strikethrough-none\"><span style=\"font-weight: 400\">Renato Troncon,<span class=\"OYPEnA text-decoration-none text-strikethrough-none\"> Universidad de Trento<\/span><\/span><\/span><\/h3>\n<\/li>\n<\/ul>\n<p class=\"cvGsUA direction-ltr align-start para-style-body\"><span class=\"OYPEnA text-decoration-none text-strikethrough-none\">El acto est\u00e1 organizado por el Laboratorio de Investigaci\u00f3n en Dise\u00f1o del Departamento de Humanidades y Filosof\u00eda de la Universidad de Trento, y producido en colaboraci\u00f3n con Living Future Europe;<\/span><\/p>\n<p class=\"cvGsUA direction-ltr align-start para-style-body\"><span class=\"OYPEnA text-decoration-none text-strikethrough-none\">forma parte de la serie de seminarios sobre dise\u00f1o de las Industrias Culturales y Creativas (ICC) en Trentino. El acto tambi\u00e9n se celebra en la plataforma Zoom.<\/span><\/p>\n<\/div><div class=\"divider-wrap\" data-alignment=\"default\"><div style=\"margin-top: 5vh; height: 7px; margin-bottom: 5vh;\" data-width=\"100%\" data-animate=\"\" data-animation-delay=\"\" data-color=\"black\" class=\"divider-border\"><\/div><\/div>\n\t<div class=\"wpb_video_widget wpb_content_element vc_clearfix   vc_video-aspect-ratio-169 vc_video-el-width-100 vc_video-align-left\" >\n\t\t<div class=\"wpb_wrapper\">\n\t\t\t\n\t\t\t<div class=\"wpb_video_wrapper\"><iframe loading=\"lazy\" title=\"&quot;Architerror a Trento. Il lato oscuro dell&#039;architettura&quot;\" width=\"500\" height=\"281\" src=\"https:\/\/www.youtube.com\/embed\/oYJlMh--gtE?feature=oembed\" frameborder=\"0\" allow=\"accelerometer; autoplay; clipboard-write; encrypted-media; gyroscope; picture-in-picture; web-share\" referrerpolicy=\"strict-origin-when-cross-origin\" allowfullscreen><\/iframe><\/div>\n\t\t<\/div>\n\t<\/div>\n<div class=\"divider-wrap\" data-alignment=\"default\"><div style=\"margin-top: 5vh; height: 7px; margin-bottom: 5vh;\" data-width=\"100%\" data-animate=\"\" data-animation-delay=\"\" data-color=\"black\" class=\"divider-border\"><\/div><\/div>\n\t\t\t<\/div> \n\t\t<\/div>\n\t<\/div> \n<\/div><\/div>\n\t\t<div id=\"fws_69ef9d8f777fd\"  data-column-margin=\"default\" data-midnight=\"dark\"  class=\"wpb_row vc_row-fluid vc_row full-width-section vc_row-o-equal-height vc_row-flex vc_row-o-content-middle  top_margin_5pct bottom_margin_5pct bottom_padding_tablet_5pct\"  style=\"padding-top: 0px; padding-bottom: 0px; \"><div class=\"row-bg-wrap\" data-bg-animation=\"none\" data-bg-animation-delay=\"\" data-bg-overlay=\"false\"><div class=\"inner-wrap row-bg-layer\" ><div class=\"row-bg viewport-desktop\"  style=\"\"><\/div><\/div><\/div><div class=\"row_col_wrap_12 col span_12 dark left\">\n\t<div style=\" color: #ffffff;\" class=\"vc_col-sm-12 wpb_column column_container vc_column_container col padding-5-percent column_position_static force-desktop-text-align-center el_spacing_0px inherit_tablet inherit_phone\" data-cfc=\"true\" data-using-bg=\"true\" data-border-radius=\"20px\" data-overlay-color=\"true\" data-padding-pos=\"all\" data-has-bg-color=\"true\" data-bg-color=\"#000000\" data-bg-opacity=\"1\" data-hover-bg=\"#dc1941\" data-hover-bg-opacity=\"1\" data-animation=\"\" data-delay=\"0\" >\n\t\t<div class=\"vc_column-inner\" ><a class=\"column-link\" target=\"_self\" href=\"https:\/\/drlab.unitn.it\/es\/eventi\/\"><\/a><div class=\"column-bg-overlay-wrap column-bg-layer\" data-bg-animation=\"none\"><div class=\"column-bg-overlay\" style=\"opacity: 1; background-color: #000000;\"><\/div><div class=\"column-overlay-layer\" style=\"\"><\/div><\/div>\n\t\t\t<div class=\"wpb_wrapper\">\n\t\t\t\t<div class=\"nectar_icon_wrap\" data-border-thickness=\"2px\" data-draw=\"true\" data-style=\"border-animation\" data-padding=\"10px\" data-color=\"white\" style=\"margin-bottom: 30px; \" >\n\t\t<div class=\"nectar_icon\" ><span class=\"svg-icon-holder\" data-size=\"80\" data-animation-speed=\"slow\" data-animation=\"true\" data-animation-delay=\"\" data-color=\"white\"><span><!-- Generator: Adobe Illustrator 16.0.0, SVG Export Plug-In . SVG Version: 6.00 Build 0)  -->\n<svg version=\"1.1\"  xmlns=\"http:\/\/www.w3.org\/2000\/svg\" xmlns:xlink=\"http:\/\/www.w3.org\/1999\/xlink\" x=\"0px\" y=\"0px\"\n\t width=\"64px\" height=\"64px\" viewbox=\"0 0 64 64\" enable-background=\"new 0 0 64 64\" xml:space=\"preserve\">\n<g>\n\t<line fill=\"none\" stroke=\"#000000\" stroke-width=\"2\" stroke-miterlimit=\"10\" x1=\"64\" y1=\"32\" x2=\"1\" y2=\"32\"\/>\n<\/g>\n<polyline fill=\"none\" stroke=\"#000000\" stroke-width=\"2\" stroke-linejoin=\"bevel\" stroke-miterlimit=\"10\" points=\"10,23 1,32 10,41 \t\"\/>\n<\/svg>\n<\/span><\/span><\/div>\n\t<\/div>\n<div class=\"wpb_text_column wpb_content_element\" >\n\t<div class=\"wpb_wrapper\">\n\t\t<h4 style=\"text-align: center;\"><strong>VOLVER A NOTICIAS<\/strong><\/h4>\n\t<\/div>\n<\/div>\n\n\n\n\n\t\t\t<\/div> \n\t\t<\/div>\n\t<\/div> \n<\/div><\/div>","protected":false},"excerpt":{"rendered":"\u00bfHarto de la belleza que te rodea? \u00bfLe gusta lo extra\u00f1o? \u00bfBuscas corrientes arquitect\u00f3nicas alternativas? Architerror es el lugar para usted. Con esta declaraci\u00f3n program\u00e1tica, Architerror -...","protected":false},"author":5,"featured_media":60396,"comment_status":"open","ping_status":"open","sticky":false,"template":"","format":"standard","meta":{"footnotes":""},"categories":[1,28],"tags":[24],"class_list":{"0":"post-60388","1":"post","2":"type-post","3":"status-publish","4":"format-standard","5":"has-post-thumbnail","7":"category-1","8":"category-homepage","9":"tag-icc"},"_links":{"self":[{"href":"https:\/\/drlab.unitn.it\/es\/wp-json\/wp\/v2\/posts\/60388","targetHints":{"allow":["GET"]}}],"collection":[{"href":"https:\/\/drlab.unitn.it\/es\/wp-json\/wp\/v2\/posts"}],"about":[{"href":"https:\/\/drlab.unitn.it\/es\/wp-json\/wp\/v2\/types\/post"}],"author":[{"embeddable":true,"href":"https:\/\/drlab.unitn.it\/es\/wp-json\/wp\/v2\/users\/5"}],"replies":[{"embeddable":true,"href":"https:\/\/drlab.unitn.it\/es\/wp-json\/wp\/v2\/comments?post=60388"}],"version-history":[{"count":5,"href":"https:\/\/drlab.unitn.it\/es\/wp-json\/wp\/v2\/posts\/60388\/revisions"}],"predecessor-version":[{"id":60488,"href":"https:\/\/drlab.unitn.it\/es\/wp-json\/wp\/v2\/posts\/60388\/revisions\/60488"}],"wp:featuredmedia":[{"embeddable":true,"href":"https:\/\/drlab.unitn.it\/es\/wp-json\/wp\/v2\/media\/60396"}],"wp:attachment":[{"href":"https:\/\/drlab.unitn.it\/es\/wp-json\/wp\/v2\/media?parent=60388"}],"wp:term":[{"taxonomy":"category","embeddable":true,"href":"https:\/\/drlab.unitn.it\/es\/wp-json\/wp\/v2\/categories?post=60388"},{"taxonomy":"post_tag","embeddable":true,"href":"https:\/\/drlab.unitn.it\/es\/wp-json\/wp\/v2\/tags?post=60388"}],"curies":[{"name":"wp","href":"https:\/\/api.w.org\/{rel}","templated":true}]}}