{"id":59262,"date":"2022-02-02T10:49:39","date_gmt":"2022-02-02T10:49:39","guid":{"rendered":"https:\/\/drlab.unitn.it\/?p=59262"},"modified":"2024-05-16T13:20:48","modified_gmt":"2024-05-16T13:20:48","slug":"architettura-come-mestiere-ifdesign","status":"publish","type":"post","link":"https:\/\/drlab.unitn.it\/es\/architettura-come-mestiere-ifdesign\/","title":{"rendered":"LA ARQUITECTURA COMO ARTESAN\u00cdA - ifdesign"},"content":{"rendered":"<div id=\"fws_69ef0c5a18f1d\"  data-column-margin=\"default\" data-midnight=\"dark\" data-top-percent=\"5%\"  class=\"wpb_row vc_row-fluid vc_row full-width-section vc_row-o-equal-height vc_row-flex vc_row-o-content-middle  top_padding_tablet_5pct\"  style=\"padding-top: calc(100vw * 0.05); padding-bottom: 0px; \"><div class=\"row-bg-wrap\" data-bg-animation=\"none\" data-bg-animation-delay=\"\" data-bg-overlay=\"false\"><div class=\"inner-wrap row-bg-layer\" ><div class=\"row-bg viewport-desktop\"  style=\"\"><\/div><\/div><\/div><div class=\"row_col_wrap_12 col span_12 dark left\">\n\t<div  class=\"vc_col-sm-12 wpb_column column_container vc_column_container col column_position_static el_spacing_0px\"  data-overlay-color=\"true\" data-padding-pos=\"all\" data-has-bg-color=\"false\" data-bg-color=\"\" data-bg-opacity=\"1\" data-animation=\"\" data-delay=\"0\" >\n\t\t<div class=\"vc_column-inner\" ><div class=\"column-bg-overlay-wrap column-bg-layer\" data-bg-animation=\"none\"><div class=\"column-bg-overlay\"><\/div><div class=\"column-overlay-layer\" style=\"\"><\/div><\/div>\n\t\t\t<div class=\"wpb_wrapper\">\n\t\t\t\t<div class=\"nectar-highlighted-text\" data-style=\"none\" data-exp=\"default\" data-id=\"circle-highlight2\" data-user-color=\"true\" style=\"color: #000000;\" data-using-custom-color=\"false\" data-animation-delay=\"false\" data-color=\"\" data-color-gradient=\"\"><h3>Una serie de encuentros dedicados a la figura del arquitecto, al d\u00eda a d\u00eda concreto de su profesi\u00f3n, para hablar de enfoques, temas, retos y oportunidades. Una vez al mes, un estudio que opere en zonas \"provinciales\" cercanas ser\u00e1 nuestro invitado para compartir su trabajo, desde el pensamiento hasta la obra. \u00bfQu\u00e9 aportaci\u00f3n podemos hacer hoy al territorio y a la sociedad, al medio ambiente y a la econom\u00eda?<\/h3>\n<p>&nbsp;<\/p>\n<h4>El ciclo se propone en el contexto de la colaboraci\u00f3n entre la Orden de Arquitectos, la Universidad de Trento (DRLab) y el Centro de Servicios Culturales S. Chiara en el Proyecto de Empresas Culturales y Creativas - Macro\u00e1rea de Arquitectura y Dise\u00f1o.<\/h4>\n<\/div><div class=\"divider-wrap\" data-alignment=\"default\"><div style=\"margin-top: 5vh; height: 7px; margin-bottom: 5vh;\" data-width=\"100%\" data-animate=\"\" data-animation-delay=\"\" data-color=\"black\" class=\"divider-border\"><\/div><\/div>\n\t<div class=\"wpb_video_widget wpb_content_element vc_clearfix   vc_video-aspect-ratio-169 vc_video-el-width-100 vc_video-align-left\" >\n\t\t<div class=\"wpb_wrapper\">\n\t\t\t\n\t\t\t<div class=\"wpb_video_wrapper\"><iframe loading=\"lazy\" title=\"La arquitectura como oficio. Cuotidianidad y calidad del proyecto 02\/02\/2022\" width=\"500\" height=\"281\" src=\"https:\/\/www.youtube.com\/embed\/S-oMYZllqKg?feature=oembed\" frameborder=\"0\" allow=\"accelerometer; autoplay; clipboard-write; encrypted-media; gyroscope; picture-in-picture; web-share\" referrerpolicy=\"strict-origin-when-cross-origin\" allowfullscreen><\/iframe><\/div>\n\t\t<\/div>\n\t<\/div>\n\n\t\t\t<\/div> \n\t\t<\/div>\n\t<\/div> \n\n\t<div  class=\"vc_col-sm-12 wpb_column column_container vc_column_container col no-extra-padding inherit_tablet inherit_phone\"  data-padding-pos=\"all\" data-has-bg-color=\"false\" data-bg-color=\"\" data-bg-opacity=\"1\" data-animation=\"\" data-delay=\"0\" >\n\t\t<div class=\"vc_column-inner\" >\n\t\t\t<div class=\"wpb_wrapper\">\n\t\t\t\t<div class=\"divider-wrap\" data-alignment=\"default\"><div style=\"margin-top: 5vh; height: 7px; margin-bottom: 5vh;\" data-width=\"100%\" data-animate=\"\" data-animation-delay=\"\" data-color=\"black\" class=\"divider-border\"><\/div><\/div>\n<div class=\"wpb_text_column wpb_content_element\" >\n\t<div class=\"wpb_wrapper\">\n\t\t<h2><strong>ifdesign<\/strong><\/h2>\n<h3><span style=\"font-weight: 400;\">Franco Tagliabue Volont\u00e9 e Ida Origgi son nombrados Arquitecto Italiano del A\u00f1o 2021<\/span><\/h3>\n<h3><span style=\"font-weight: 400;\">por la CNAPPC.<\/span><\/h3>\n<h3><span style=\"font-weight: 400;\">Se licenciaron en el Polit\u00e9cnico de Mil\u00e1n, donde FTV ense\u00f1a dise\u00f1o arquitect\u00f3nico.<\/span><\/h3>\n<h3><span style=\"font-weight: 400;\">Fundaron el estudio ifdesign, activo entre Mil\u00e1n y Bellagio, que obtuvo numerosos galardones, entre ellos el primer Premio Ecola en Berl\u00edn, el CID en Chicago y el Premio Magistri Comacini en Como, as\u00ed como la Menci\u00f3n de Honor del Jurado en el<\/span><\/h3>\n<h3><span style=\"font-weight: 400;\">Premio Europeo del Espacio P\u00fablico Urbano del CCCB de Barcelona. Fue invitado a la \"2009 Shenzhen\/Hong Kong Biennale for Urbanism and Architecture\" sobre el tema del espacio p\u00fablico y ha participado en varias ediciones de la Bienal de Venecia. Ha sido nominado varias veces al Premio Mies van der Rohe de Barcelona (2011, 2017, 2022).<\/span><\/h3>\n<h3><span style=\"font-weight: 400;\">Es autor, entre otros, del proyecto Wigglyhouse, del centro c\u00edvico Noivoiloro en Erba y del proyecto de reurbanizaci\u00f3n paisaj\u00edstica de la Muralla Sormano. FTV ha sido conferenciante y profesor visitante en varias universidades internacionales y ha sido llamado en varias ocasiones para representar a la nueva arquitectura italiana en las exposiciones m\u00e1s importantes. FTV es autor de libros, art\u00edculos y ensayos, entre ellos \"per forma\", \"Lo Spazio Sociale\" El proyecto de los Laboratorios y Centro Socioeducativo obtuvo la Menci\u00f3n Nacional en el Premio Inarch 2021.<\/span><\/h3>\n<h3><br style=\"font-weight: 400;\" \/><br style=\"font-weight: 400;\" \/><\/h3>\n\t<\/div>\n<\/div>\n\n\n\n\n<div class=\"wpb_text_column wpb_content_element\" >\n\t<div class=\"wpb_wrapper\">\n\t\t<h3><b>ifdesign<\/b><\/h3>\n<h3><span style=\"font-weight: 400;\">Franco Tagliabue Volont\u00e9 e Ida Origgi son nombrados Arquitecto Italiano del A\u00f1o 2021<\/span><\/h3>\n<h3><span style=\"font-weight: 400;\">por la CNAPPC.<\/span><\/h3>\n<h3><span style=\"font-weight: 400;\">Se licenciaron en el Polit\u00e9cnico de Mil\u00e1n, donde FTV ense\u00f1a dise\u00f1o arquitect\u00f3nico.<\/span><\/h3>\n<h3><span style=\"font-weight: 400;\">Fundaron el estudio ifdesign, activo entre Mil\u00e1n y Bellagio, que obtuvo numerosos galardones, entre ellos el primer Premio Ecola en Berl\u00edn, el CID en Chicago y el Premio Magistri Comacini en Como, as\u00ed como la Menci\u00f3n de Honor del Jurado en el<\/span><\/h3>\n<h3><span style=\"font-weight: 400;\">Premio Europeo del Espacio P\u00fablico Urbano del CCCB de Barcelona. Fue invitado a la \"2009 Shenzhen\/Hong Kong Biennale for Urbanism and Architecture\" sobre el tema del espacio p\u00fablico y ha participado en varias ediciones de la Bienal de Venecia. Ha sido nominado varias veces al Premio Mies van der Rohe de Barcelona (2011, 2017, 2022).<\/span><\/h3>\n<h3><span style=\"font-weight: 400;\">Es autor, entre otros, del proyecto Wigglyhouse, del centro c\u00edvico Noivoiloro en Erba y del proyecto de reurbanizaci\u00f3n paisaj\u00edstica de la Muralla Sormano. FTV ha sido conferenciante y profesor visitante en varias universidades internacionales y ha sido llamado en varias ocasiones para representar a la nueva arquitectura italiana en las exposiciones m\u00e1s importantes. FTV es autor de libros, art\u00edculos y ensayos, entre ellos \"per forma\", \"Lo Spazio Sociale\" El proyecto de los Laboratorios y Centro Socioeducativo obtuvo la Menci\u00f3n Nacional en el Premio Inarch 2021.<\/span><\/h3>\n<h3><br style=\"font-weight: 400;\" \/><br style=\"font-weight: 400;\" \/><\/h3>\n\t<\/div>\n<\/div>\n\n\n\n\n\t\t\t<\/div> \n\t\t<\/div>\n\t<\/div> \n\n\t<div  class=\"vc_col-sm-12 wpb_column column_container vc_column_container col no-extra-padding inherit_tablet inherit_phone\"  data-padding-pos=\"all\" data-has-bg-color=\"false\" data-bg-color=\"\" data-bg-opacity=\"1\" data-animation=\"\" data-delay=\"0\" >\n\t\t<div class=\"vc_column-inner\" >\n\t\t\t<div class=\"wpb_wrapper\">\n\t\t\t\t\n\t\t\t<\/div> \n\t\t<\/div>\n\t<\/div> \n\n\t<div  class=\"vc_col-sm-12 wpb_column column_container vc_column_container col no-extra-padding inherit_tablet inherit_phone\"  data-padding-pos=\"all\" data-has-bg-color=\"false\" data-bg-color=\"\" data-bg-opacity=\"1\" data-animation=\"\" data-delay=\"0\" >\n\t\t<div class=\"vc_column-inner\" >\n\t\t\t<div class=\"wpb_wrapper\">\n\t\t\t\t\n\t\t\t<\/div> \n\t\t<\/div>\n\t<\/div> \n\n\t<div  class=\"vc_col-sm-12 wpb_column column_container vc_column_container col no-extra-padding inherit_tablet inherit_phone\"  data-padding-pos=\"all\" data-has-bg-color=\"false\" data-bg-color=\"\" data-bg-opacity=\"1\" data-animation=\"\" data-delay=\"0\" >\n\t\t<div class=\"vc_column-inner\" >\n\t\t\t<div class=\"wpb_wrapper\">\n\t\t\t\t\n\t\t\t<\/div> \n\t\t<\/div>\n\t<\/div> \n<\/div><\/div>\n\t\t<div id=\"fws_69ef0c5a1d3e1\"  data-column-margin=\"default\" data-midnight=\"dark\"  class=\"wpb_row vc_row-fluid vc_row full-width-section vc_row-o-equal-height vc_row-flex vc_row-o-content-middle  top_margin_5pct bottom_margin_5pct bottom_padding_tablet_5pct\"  style=\"padding-top: 0px; padding-bottom: 0px; \"><div class=\"row-bg-wrap\" data-bg-animation=\"none\" data-bg-animation-delay=\"\" data-bg-overlay=\"false\"><div class=\"inner-wrap row-bg-layer\" ><div class=\"row-bg viewport-desktop\"  style=\"\"><\/div><\/div><\/div><div class=\"row_col_wrap_12 col span_12 dark left\">\n\t<div style=\" color: #ffffff;\" class=\"vc_col-sm-12 wpb_column column_container vc_column_container col padding-5-percent column_position_static force-desktop-text-align-center el_spacing_0px inherit_tablet inherit_phone\" data-cfc=\"true\" data-using-bg=\"true\" data-border-radius=\"20px\" data-overlay-color=\"true\" data-padding-pos=\"all\" data-has-bg-color=\"true\" data-bg-color=\"#000000\" data-bg-opacity=\"1\" data-hover-bg=\"#dc1941\" data-hover-bg-opacity=\"1\" data-animation=\"\" data-delay=\"0\" >\n\t\t<div class=\"vc_column-inner\" ><a class=\"column-link\" target=\"_self\" href=\"https:\/\/drlab.unitn.it\/es\/eventi\/\"><\/a><div class=\"column-bg-overlay-wrap column-bg-layer\" data-bg-animation=\"none\"><div class=\"column-bg-overlay\" style=\"opacity: 1; background-color: #000000;\"><\/div><div class=\"column-overlay-layer\" style=\"\"><\/div><\/div>\n\t\t\t<div class=\"wpb_wrapper\">\n\t\t\t\t<div class=\"nectar_icon_wrap\" data-border-thickness=\"2px\" data-draw=\"true\" data-style=\"border-animation\" data-padding=\"10px\" data-color=\"white\" style=\"margin-bottom: 30px; \" >\n\t\t<div class=\"nectar_icon\" ><span class=\"svg-icon-holder\" data-size=\"80\" data-animation-speed=\"slow\" data-animation=\"true\" data-animation-delay=\"\" data-color=\"white\"><span><!-- Generator: Adobe Illustrator 16.0.0, SVG Export Plug-In . SVG Version: 6.00 Build 0)  -->\n<svg version=\"1.1\"  xmlns=\"http:\/\/www.w3.org\/2000\/svg\" xmlns:xlink=\"http:\/\/www.w3.org\/1999\/xlink\" x=\"0px\" y=\"0px\"\n\t width=\"64px\" height=\"64px\" viewbox=\"0 0 64 64\" enable-background=\"new 0 0 64 64\" xml:space=\"preserve\">\n<g>\n\t<line fill=\"none\" stroke=\"#000000\" stroke-width=\"2\" stroke-miterlimit=\"10\" x1=\"64\" y1=\"32\" x2=\"1\" y2=\"32\"\/>\n<\/g>\n<polyline fill=\"none\" stroke=\"#000000\" stroke-width=\"2\" stroke-linejoin=\"bevel\" stroke-miterlimit=\"10\" points=\"10,23 1,32 10,41 \t\"\/>\n<\/svg>\n<\/span><\/span><\/div>\n\t<\/div>\n<div class=\"wpb_text_column wpb_content_element\" >\n\t<div class=\"wpb_wrapper\">\n\t\t<h4 style=\"text-align: center;\"><strong>VOLVER A NOTICIAS<\/strong><\/h4>\n\t<\/div>\n<\/div>\n\n\n\n\n\t\t\t<\/div> \n\t\t<\/div>\n\t<\/div> \n<\/div><\/div>","protected":false},"excerpt":{"rendered":"Una serie de encuentros dedicados a la figura del arquitecto, al d\u00eda a d\u00eda concreto de su profesi\u00f3n, para hablar de enfoques, temas, retos y oportunidades. Una vez al mes, un estudio en funcionamiento...","protected":false},"author":4,"featured_media":59295,"comment_status":"open","ping_status":"open","sticky":false,"template":"","format":"standard","meta":{"footnotes":""},"categories":[16],"tags":[24],"class_list":{"0":"post-59262","1":"post","2":"type-post","3":"status-publish","4":"format-standard","5":"has-post-thumbnail","7":"category-16","8":"tag-icc"},"_links":{"self":[{"href":"https:\/\/drlab.unitn.it\/es\/wp-json\/wp\/v2\/posts\/59262","targetHints":{"allow":["GET"]}}],"collection":[{"href":"https:\/\/drlab.unitn.it\/es\/wp-json\/wp\/v2\/posts"}],"about":[{"href":"https:\/\/drlab.unitn.it\/es\/wp-json\/wp\/v2\/types\/post"}],"author":[{"embeddable":true,"href":"https:\/\/drlab.unitn.it\/es\/wp-json\/wp\/v2\/users\/4"}],"replies":[{"embeddable":true,"href":"https:\/\/drlab.unitn.it\/es\/wp-json\/wp\/v2\/comments?post=59262"}],"version-history":[{"count":13,"href":"https:\/\/drlab.unitn.it\/es\/wp-json\/wp\/v2\/posts\/59262\/revisions"}],"predecessor-version":[{"id":59410,"href":"https:\/\/drlab.unitn.it\/es\/wp-json\/wp\/v2\/posts\/59262\/revisions\/59410"}],"wp:featuredmedia":[{"embeddable":true,"href":"https:\/\/drlab.unitn.it\/es\/wp-json\/wp\/v2\/media\/59295"}],"wp:attachment":[{"href":"https:\/\/drlab.unitn.it\/es\/wp-json\/wp\/v2\/media?parent=59262"}],"wp:term":[{"taxonomy":"category","embeddable":true,"href":"https:\/\/drlab.unitn.it\/es\/wp-json\/wp\/v2\/categories?post=59262"},{"taxonomy":"post_tag","embeddable":true,"href":"https:\/\/drlab.unitn.it\/es\/wp-json\/wp\/v2\/tags?post=59262"}],"curies":[{"name":"wp","href":"https:\/\/api.w.org\/{rel}","templated":true}]}}