{"id":59258,"date":"2022-03-10T10:37:25","date_gmt":"2022-03-10T10:37:25","guid":{"rendered":"https:\/\/drlab.unitn.it\/?p=59258"},"modified":"2024-05-16T13:20:54","modified_gmt":"2024-05-16T13:20:54","slug":"seminario-uno-2","status":"publish","type":"post","link":"https:\/\/drlab.unitn.it\/es\/seminario-uno-2\/","title":{"rendered":"LA ARQUITECTURA COMO TRABAJO - a25architects"},"content":{"rendered":"<div id=\"fws_69eef695b8869\"  data-column-margin=\"default\" data-midnight=\"dark\" data-top-percent=\"5%\"  class=\"wpb_row vc_row-fluid vc_row full-width-section vc_row-o-equal-height vc_row-flex vc_row-o-content-middle  top_padding_tablet_5pct\"  style=\"padding-top: calc(100vw * 0.05); padding-bottom: 0px; \"><div class=\"row-bg-wrap\" data-bg-animation=\"none\" data-bg-animation-delay=\"\" data-bg-overlay=\"false\"><div class=\"inner-wrap row-bg-layer\" ><div class=\"row-bg viewport-desktop\"  style=\"\"><\/div><\/div><\/div><div class=\"row_col_wrap_12 col span_12 dark left\">\n\t<div  class=\"vc_col-sm-12 wpb_column column_container vc_column_container col column_position_static el_spacing_0px\"  data-overlay-color=\"true\" data-padding-pos=\"all\" data-has-bg-color=\"false\" data-bg-color=\"\" data-bg-opacity=\"1\" data-animation=\"\" data-delay=\"0\" >\n\t\t<div class=\"vc_column-inner\" ><div class=\"column-bg-overlay-wrap column-bg-layer\" data-bg-animation=\"none\"><div class=\"column-bg-overlay\"><\/div><div class=\"column-overlay-layer\" style=\"\"><\/div><\/div>\n\t\t\t<div class=\"wpb_wrapper\">\n\t\t\t\t<div class=\"nectar-highlighted-text\" data-style=\"full_text\" data-exp=\"default\" data-using-custom-color=\"false\" data-animation-delay=\"false\" data-color=\"\" data-color-gradient=\"\" style=\"\"><h3>Una serie de encuentros dedicados a la figura del arquitecto, al d\u00eda a d\u00eda concreto de su profesi\u00f3n, para hablar de enfoques, temas, retos y oportunidades. Una vez al mes, un estudio que opere en zonas \"provinciales\" cercanas ser\u00e1 nuestro invitado para compartir su trabajo, desde el pensamiento hasta la obra. \u00bfQu\u00e9 aportaci\u00f3n podemos hacer hoy al territorio y a la sociedad, al medio ambiente y a la econom\u00eda?<\/h3>\n<p>&nbsp;<\/p>\n<h3><span style=\"font-weight: 400\">El ciclo se propone en el contexto de la colaboraci\u00f3n entre la Orden de Arquitectos, la Universidad de Trento (DRLab) y el Centro de Servicios Culturales S. Chiara en el Proyecto de Empresas Culturales y Creativas - Macro\u00e1rea de Arquitectura y Dise\u00f1o.<\/span><\/h3>\n<\/div><div class=\"divider-wrap\" data-alignment=\"default\"><div style=\"margin-top: 5vh; height: 7px; margin-bottom: 5vh;\" data-width=\"100%\" data-animate=\"\" data-animation-delay=\"\" data-color=\"black\" class=\"divider-border\"><\/div><\/div>\n\t<div class=\"wpb_video_widget wpb_content_element vc_clearfix   vc_video-aspect-ratio-169 vc_video-el-width-100 vc_video-align-left\" >\n\t\t<div class=\"wpb_wrapper\">\n\t\t\t\n\t\t\t<div class=\"wpb_video_wrapper\"><iframe loading=\"lazy\" title=\"La arquitectura como oficio. Cuotidianidad y calidad del proyecto 10\/03\/2022\" width=\"500\" height=\"281\" src=\"https:\/\/www.youtube.com\/embed\/D5RII-RJH0s?list=PL9vK57kcmwQMAo0zuxflBZbwyqOoNLPk_\" frameborder=\"0\" allow=\"accelerometer; autoplay; clipboard-write; encrypted-media; gyroscope; picture-in-picture; web-share\" referrerpolicy=\"strict-origin-when-cross-origin\" allowfullscreen><\/iframe><\/div>\n\t\t<\/div>\n\t<\/div>\n<div class=\"divider-wrap\" data-alignment=\"default\"><div style=\"margin-top: 5vh; height: 7px; margin-bottom: 5vh;\" data-width=\"100%\" data-animate=\"\" data-animation-delay=\"\" data-color=\"black\" class=\"divider-border\"><\/div><\/div>\n<div class=\"wpb_text_column wpb_content_element\" >\n\t<div class=\"wpb_wrapper\">\n\t\t<h3><b>a25arquitectos<\/b><\/h3>\n<h3><span style=\"font-weight: 400;\">Fundada en 2018 por los hermanos Francesco (1987) y Paolo (1982) Manzoni, <\/span><b>a25arquitectos <\/b><span style=\"font-weight: 400;\">es un estudio de arquitectura con sede en Sirtori, un peque\u00f1o pueblo a los pies de la cresta de la colina de Montevecchia, en la alta Brianza. Sus intereses abarcan desde la arquitectura al urbanismo, desde los interiores al dise\u00f1o, gracias a las distintas competencias maduradas a lo largo de los a\u00f1os en estos campos, con la posibilidad de gestionar el proyecto en su totalidad.<\/span><\/h3>\n<h3><span style=\"font-weight: 400;\">Situado en una casa estudio, <\/span><b>a25arquitectos <\/b><span style=\"font-weight: 400;\">quiere as\u00ed hacer posible la b\u00fasqueda de una relaci\u00f3n intensa entre el trabajo y la vida dom\u00e9stica, para poder encontrar la \"concentraci\u00f3n\" y dar respuestas a las cuestiones existenciales y profundas del vivir, ahora ocultas, pero con la posibilidad<\/span><span style=\"font-weight: 400;\"><br \/>\n<\/span><span style=\"font-weight: 400;\">a recuperar dentro del mundo interconectado en el que vivimos. Por tanto, es en este preciso momento de la historia en el que partiendo de la b\u00fasqueda de las atm\u00f3sferas de un lugar o espacio, con su historia y el material del que est\u00e1 compuesto, podemos volver al dise\u00f1o del deseo del hombre de vivir, realzando as\u00ed la identidad y la cultura de nuestro territorio.<\/span><\/h3>\n<h3><span style=\"font-weight: 400;\">En 2019 y 2021 <\/span><b>a25arquitectos <\/b><span style=\"font-weight: 400;\">fue seleccionada junto con otros cinco estudios italianos para el Premio Piranesi de arquitectura internacional 2019. En 2020, gan\u00f3 el BigSEE Architecture Awards 2020 en la categor\u00eda Arquitectura p\u00fablica y comercial.<\/span><span style=\"font-weight: 400;\"><br \/>\n<\/span><span style=\"font-weight: 400;\">En noviembre de 2021, el Consejo Nacional de Arquitectos PPC le concedi\u00f3 el premio \"Joven Talento de la Arquitectura Italiana 2021\".<\/span><\/h3>\n\t<\/div>\n<\/div>\n\n\n\n\n\t\t\t<\/div> \n\t\t<\/div>\n\t<\/div> \n<\/div><\/div>\n\t\t<div id=\"fws_69eef695be7f9\"  data-column-margin=\"default\" data-midnight=\"dark\"  class=\"wpb_row vc_row-fluid vc_row full-width-section vc_row-o-equal-height vc_row-flex vc_row-o-content-middle  top_margin_5pct bottom_margin_5pct bottom_padding_tablet_5pct\"  style=\"padding-top: 0px; padding-bottom: 0px; \"><div class=\"row-bg-wrap\" data-bg-animation=\"none\" data-bg-animation-delay=\"\" data-bg-overlay=\"false\"><div class=\"inner-wrap row-bg-layer\" ><div class=\"row-bg viewport-desktop\"  style=\"\"><\/div><\/div><\/div><div class=\"row_col_wrap_12 col span_12 dark left\">\n\t<div style=\" color: #ffffff;\" class=\"vc_col-sm-12 wpb_column column_container vc_column_container col padding-5-percent column_position_static force-desktop-text-align-center el_spacing_0px inherit_tablet inherit_phone\" data-cfc=\"true\" data-using-bg=\"true\" data-border-radius=\"20px\" data-overlay-color=\"true\" data-padding-pos=\"all\" data-has-bg-color=\"true\" data-bg-color=\"#000000\" data-bg-opacity=\"1\" data-hover-bg=\"#dc1941\" data-hover-bg-opacity=\"1\" data-animation=\"\" data-delay=\"0\" >\n\t\t<div class=\"vc_column-inner\" ><a class=\"column-link\" target=\"_self\" href=\"https:\/\/drlab.unitn.it\/es\/eventi\/\"><\/a><div class=\"column-bg-overlay-wrap column-bg-layer\" data-bg-animation=\"none\"><div class=\"column-bg-overlay\" style=\"opacity: 1; background-color: #000000;\"><\/div><div class=\"column-overlay-layer\" style=\"\"><\/div><\/div>\n\t\t\t<div class=\"wpb_wrapper\">\n\t\t\t\t<div class=\"nectar_icon_wrap\" data-border-thickness=\"2px\" data-draw=\"true\" data-style=\"border-animation\" data-padding=\"10px\" data-color=\"white\" style=\"margin-bottom: 30px; \" >\n\t\t<div class=\"nectar_icon\" ><span class=\"svg-icon-holder\" data-size=\"80\" data-animation-speed=\"slow\" data-animation=\"true\" data-animation-delay=\"\" data-color=\"white\"><span><!-- Generator: Adobe Illustrator 16.0.0, SVG Export Plug-In . SVG Version: 6.00 Build 0)  -->\n<svg version=\"1.1\"  xmlns=\"http:\/\/www.w3.org\/2000\/svg\" xmlns:xlink=\"http:\/\/www.w3.org\/1999\/xlink\" x=\"0px\" y=\"0px\"\n\t width=\"64px\" height=\"64px\" viewbox=\"0 0 64 64\" enable-background=\"new 0 0 64 64\" xml:space=\"preserve\">\n<g>\n\t<line fill=\"none\" stroke=\"#000000\" stroke-width=\"2\" stroke-miterlimit=\"10\" x1=\"64\" y1=\"32\" x2=\"1\" y2=\"32\"\/>\n<\/g>\n<polyline fill=\"none\" stroke=\"#000000\" stroke-width=\"2\" stroke-linejoin=\"bevel\" stroke-miterlimit=\"10\" points=\"10,23 1,32 10,41 \t\"\/>\n<\/svg>\n<\/span><\/span><\/div>\n\t<\/div>\n<div class=\"wpb_text_column wpb_content_element\" >\n\t<div class=\"wpb_wrapper\">\n\t\t<h4 style=\"text-align: center;\"><strong>VOLVER A NOTICIAS<\/strong><\/h4>\n\t<\/div>\n<\/div>\n\n\n\n\n\t\t\t<\/div> \n\t\t<\/div>\n\t<\/div> \n<\/div><\/div>","protected":false},"excerpt":{"rendered":"Una serie de encuentros dedicados a la figura del arquitecto, al d\u00eda a d\u00eda concreto de su profesi\u00f3n, para hablar de enfoques, temas, retos y oportunidades. Una vez al mes, un estudio en funcionamiento...","protected":false},"author":4,"featured_media":59351,"comment_status":"open","ping_status":"open","sticky":false,"template":"","format":"standard","meta":{"footnotes":""},"categories":[16],"tags":[24],"class_list":{"0":"post-59258","1":"post","2":"type-post","3":"status-publish","4":"format-standard","5":"has-post-thumbnail","7":"category-16","8":"tag-icc"},"_links":{"self":[{"href":"https:\/\/drlab.unitn.it\/es\/wp-json\/wp\/v2\/posts\/59258","targetHints":{"allow":["GET"]}}],"collection":[{"href":"https:\/\/drlab.unitn.it\/es\/wp-json\/wp\/v2\/posts"}],"about":[{"href":"https:\/\/drlab.unitn.it\/es\/wp-json\/wp\/v2\/types\/post"}],"author":[{"embeddable":true,"href":"https:\/\/drlab.unitn.it\/es\/wp-json\/wp\/v2\/users\/4"}],"replies":[{"embeddable":true,"href":"https:\/\/drlab.unitn.it\/es\/wp-json\/wp\/v2\/comments?post=59258"}],"version-history":[{"count":11,"href":"https:\/\/drlab.unitn.it\/es\/wp-json\/wp\/v2\/posts\/59258\/revisions"}],"predecessor-version":[{"id":59403,"href":"https:\/\/drlab.unitn.it\/es\/wp-json\/wp\/v2\/posts\/59258\/revisions\/59403"}],"wp:featuredmedia":[{"embeddable":true,"href":"https:\/\/drlab.unitn.it\/es\/wp-json\/wp\/v2\/media\/59351"}],"wp:attachment":[{"href":"https:\/\/drlab.unitn.it\/es\/wp-json\/wp\/v2\/media?parent=59258"}],"wp:term":[{"taxonomy":"category","embeddable":true,"href":"https:\/\/drlab.unitn.it\/es\/wp-json\/wp\/v2\/categories?post=59258"},{"taxonomy":"post_tag","embeddable":true,"href":"https:\/\/drlab.unitn.it\/es\/wp-json\/wp\/v2\/tags?post=59258"}],"curies":[{"name":"wp","href":"https:\/\/api.w.org\/{rel}","templated":true}]}}